{"id":756,"date":"2019-02-06T14:28:08","date_gmt":"2019-02-06T16:28:08","guid":{"rendered":"https:\/\/mobilevet.com.br\/site\/?p=756"},"modified":"2019-02-06T14:33:37","modified_gmt":"2019-02-06T16:33:37","slug":"e-muita-paixao-e-vocacao-reunidas-em-nossa-historia","status":"publish","type":"post","link":"https:\/\/mobilevet.com.br\/site\/e-muita-paixao-e-vocacao-reunidas-em-nossa-historia\/","title":{"rendered":"\u00c9 muita PAIX\u00c3O e VOCA\u00c7\u00c3O reunidas em nossa hist\u00f3ria!"},"content":{"rendered":"<p>O que voc\u00ea quer ser quando crescer? Essa \u00e9 uma famosa perguntinha quase obrigat\u00f3ria para todas as crian\u00e7as e, dentro das respostas, n\u00e3o h\u00e1 limites, de cowboy a astronauta, nem sempre sabemos de verdade o que aspiramos para o futuro, certo?<\/p>\n<p>N\u00e3o foi bem assim como o nosso fundador da Mobilevet. O Renan, ainda quando crian\u00e7a, se apaixonou pelo mundo animal, apresentado pelo pai, que compartilhava da mesma paix\u00e3o que ele. Essa hist\u00f3ria deu t\u00e3o certo que o Renan n\u00e3o teve d\u00favidas em se dedicar profissionalmente a cuidar da sa\u00fade dos animais. Tanto que se dedica e se envolve at\u00e9 hoje no dia a dia da empresa, na melhoria e qualidade de sua equipe e na paix\u00e3o e excel\u00eancia com que os servi\u00e7os da Mobilevet s\u00e3o levados \u00e0s cl\u00ednicas e chegam at\u00e9 seus bichinhos de estima\u00e7\u00e3o.<\/p>\n<p>Renan come\u00e7ou sua carreira com a gradua\u00e7\u00e3o em Medicina Veterin\u00e1ria pela Universidade Federal de Lavras \u2013 MG, \u00e9 p\u00f3s-graduado latu sensu em Ecocardiografia pela INBRAPEC e tem como suas especialidades a cardiologia e ultrassonografia animal.<\/p>\n<p>E n\u00e3o \u00e0 toa que sua parceira (na vida e nos neg\u00f3cios) tamb\u00e9m \u00e9 uma apaixonada pelo mundo animal. A Fernanda, tamb\u00e9m fundadora da Mobilevet teve que batalhar desde pequena para estar perto dos bichinhos que tanto adorava.<\/p>\n<p>\u201cFoi dif\u00edcil convencer meus pais a terem um cachorro de estima\u00e7\u00e3o. Enquanto n\u00e3o tive um bichinho de estima\u00e7\u00e3o adorava ir \u00e0 casa de minhas amigas que tinham c\u00e3o, gato, hamster, etc, mas quando completei 8 anos consegui convenc\u00ea-los.<\/p>\n<p>Foi o Toquinho (meu primeiro bichinho de estima\u00e7\u00e3o) que me fez apaixonar pela conviv\u00eancia com o mundo Pet.<\/p>\n<p>A decis\u00e3o de escolher uma profiss\u00e3o \u00e9 complicada, mas o desejo de conviver e ajudar os animais n\u00e3o me deixou d\u00favidas de escolher a veterin\u00e1ria.\u201d<\/p>\n<p>A Fernanda, atualmente atuando nas especialidades de ultrassonografia e radiologia, \u00e9 formada pela Universidade Federal de Lavras \u2013 MG e Mestre pela Faculdade de Medicina Veterin\u00e1ria da USP.<\/p>\n<p>\u00c9 muita paix\u00e3o e voca\u00e7\u00e3o reunidas em uma s\u00f3 hist\u00f3ria, n\u00e9? E \u00e9 por isso que para eles, o Renan e a Fernanda, \u00e9 sempre t\u00e3o importante e fundamental que o trabalho que executam e a empresa que constru\u00edram juntos leve excel\u00eancia e promova experi\u00eancias de confian\u00e7a e bem-estar para os profissionais que os recebem em suas cl\u00ednicas, para os tutores dos animais sob tratamento e para a equipe que os acompanham e compartilham dos seus ideais e de sua miss\u00e3o: ter uma equipe valorizada e estimulada sempre a ser um profissional e uma pessoa melhor, acreditando que a realiza\u00e7\u00e3o profissional e humana faz com que realizemos nosso trabalho com excel\u00eancia e encante nossos clientes.<\/p>\n<p>Voc\u00ea, m\u00e9dico veterin\u00e1rio ou mesmo tutor de um animal de estima\u00e7\u00e3o, j\u00e1 conhece a Mobilevet? Quer saber um pouco mais sobre a nossa hist\u00f3ria e sobre nossos servi\u00e7os? D\u00e1 uma conferida no nosso site, redes sociais ou entre em contato conosco pelos telefones (11) 4235-5533 | 94344-5533.<\/p>\n","protected":false},"excerpt":{"rendered":"<p>O que voc\u00ea quer ser quando crescer? Essa \u00e9 uma famosa perguntinha quase obrigat\u00f3ria para todas as crian\u00e7as e, dentro das respostas, n\u00e3o h\u00e1 limites, de<span class=\"excerpt-hellip\"> [\u2026]<\/span><\/p>\n","protected":false},"author":4,"featured_media":757,"comment_status":"open","ping_status":"open","sticky":false,"template":"","format":"standard","meta":{"_joinchat":[]},"categories":[4],"tags":[],"yoast_head":"<!-- This site is optimized with the Yoast SEO plugin v18.7 - https:\/\/yoast.com\/wordpress\/plugins\/seo\/ -->\n<title>- Mobile Vet<\/title>\n<meta name=\"robots\" content=\"index, follow, max-snippet:-1, max-image-preview:large, max-video-preview:-1\" \/>\n<link rel=\"canonical\" href=\"https:\/\/mobilevet.com.br\/site\/e-muita-paixao-e-vocacao-reunidas-em-nossa-historia\/\" \/>\n<meta property=\"og:locale\" content=\"pt_BR\" \/>\n<meta property=\"og:type\" content=\"article\" \/>\n<meta property=\"og:title\" content=\"- Mobile Vet\" \/>\n<meta property=\"og:description\" content=\"O que voc\u00ea quer ser quando crescer? Essa \u00e9 uma famosa perguntinha quase obrigat\u00f3ria para todas as crian\u00e7as e, dentro das respostas, n\u00e3o h\u00e1 limites, de [\u2026]\" \/>\n<meta property=\"og:url\" content=\"https:\/\/mobilevet.com.br\/site\/e-muita-paixao-e-vocacao-reunidas-em-nossa-historia\/\" \/>\n<meta property=\"og:site_name\" content=\"Mobile Vet\" \/>\n<meta property=\"article:published_time\" content=\"2019-02-06T16:28:08+00:00\" \/>\n<meta property=\"article:modified_time\" content=\"2019-02-06T16:33:37+00:00\" \/>\n<meta property=\"og:image\" content=\"https:\/\/mobilevet.com.br\/site\/wp-content\/uploads\/2019\/02\/MBV_paixao-vocacao-blog.png\" \/>\n\t<meta property=\"og:image:width\" content=\"702\" \/>\n\t<meta property=\"og:image:height\" content=\"300\" \/>\n\t<meta property=\"og:image:type\" content=\"image\/png\" \/>\n<meta name=\"twitter:card\" content=\"summary_large_image\" \/>\n<meta name=\"twitter:label1\" content=\"Escrito por\" \/>\n\t<meta name=\"twitter:data1\" content=\"\" \/>\n\t<meta name=\"twitter:label2\" content=\"Est. tempo de leitura\" \/>\n\t<meta name=\"twitter:data2\" content=\"3 minutos\" \/>\n<script type=\"application\/ld+json\" class=\"yoast-schema-graph\">{\"@context\":\"https:\/\/schema.org\",\"@graph\":[{\"@type\":\"WebSite\",\"@id\":\"https:\/\/mobilevet.com.br\/site\/#website\",\"url\":\"https:\/\/mobilevet.com.br\/site\/\",\"name\":\"Mobile Vet\",\"description\":\"Exames de diagn\u00f3sticos veterin\u00e1rios e consultoria cardiol\u00f3gica\",\"potentialAction\":[{\"@type\":\"SearchAction\",\"target\":{\"@type\":\"EntryPoint\",\"urlTemplate\":\"https:\/\/mobilevet.com.br\/site\/?s={search_term_string}\"},\"query-input\":\"required name=search_term_string\"}],\"inLanguage\":\"pt-BR\"},{\"@type\":\"ImageObject\",\"inLanguage\":\"pt-BR\",\"@id\":\"https:\/\/mobilevet.com.br\/site\/e-muita-paixao-e-vocacao-reunidas-em-nossa-historia\/#primaryimage\",\"url\":\"https:\/\/mobilevet.com.br\/site\/wp-content\/uploads\/2019\/02\/MBV_paixao-vocacao-blog.png\",\"contentUrl\":\"https:\/\/mobilevet.com.br\/site\/wp-content\/uploads\/2019\/02\/MBV_paixao-vocacao-blog.png\",\"width\":702,\"height\":300},{\"@type\":\"WebPage\",\"@id\":\"https:\/\/mobilevet.com.br\/site\/e-muita-paixao-e-vocacao-reunidas-em-nossa-historia\/#webpage\",\"url\":\"https:\/\/mobilevet.com.br\/site\/e-muita-paixao-e-vocacao-reunidas-em-nossa-historia\/\",\"name\":\"- Mobile Vet\",\"isPartOf\":{\"@id\":\"https:\/\/mobilevet.com.br\/site\/#website\"},\"primaryImageOfPage\":{\"@id\":\"https:\/\/mobilevet.com.br\/site\/e-muita-paixao-e-vocacao-reunidas-em-nossa-historia\/#primaryimage\"},\"datePublished\":\"2019-02-06T16:28:08+00:00\",\"dateModified\":\"2019-02-06T16:33:37+00:00\",\"author\":{\"@id\":\"\"},\"breadcrumb\":{\"@id\":\"https:\/\/mobilevet.com.br\/site\/e-muita-paixao-e-vocacao-reunidas-em-nossa-historia\/#breadcrumb\"},\"inLanguage\":\"pt-BR\",\"potentialAction\":[{\"@type\":\"ReadAction\",\"target\":[\"https:\/\/mobilevet.com.br\/site\/e-muita-paixao-e-vocacao-reunidas-em-nossa-historia\/\"]}]},{\"@type\":\"BreadcrumbList\",\"@id\":\"https:\/\/mobilevet.com.br\/site\/e-muita-paixao-e-vocacao-reunidas-em-nossa-historia\/#breadcrumb\",\"itemListElement\":[{\"@type\":\"ListItem\",\"position\":1,\"name\":\"In\u00edcio\",\"item\":\"https:\/\/mobilevet.com.br\/site\/\"},{\"@type\":\"ListItem\",\"position\":2,\"name\":\"\u00c9 muita PAIX\u00c3O e VOCA\u00c7\u00c3O reunidas em nossa hist\u00f3ria!\"}]},{\"@type\":\"Person\",\"@id\":\"\",\"url\":\"https:\/\/mobilevet.com.br\/site\/author\/\"}]}<\/script>\n<!-- \/ Yoast SEO plugin. -->","yoast_head_json":{"title":"- Mobile Vet","robots":{"index":"index","follow":"follow","max-snippet":"max-snippet:-1","max-image-preview":"max-image-preview:large","max-video-preview":"max-video-preview:-1"},"canonical":"https:\/\/mobilevet.com.br\/site\/e-muita-paixao-e-vocacao-reunidas-em-nossa-historia\/","og_locale":"pt_BR","og_type":"article","og_title":"- Mobile Vet","og_description":"O que voc\u00ea quer ser quando crescer? Essa \u00e9 uma famosa perguntinha quase obrigat\u00f3ria para todas as crian\u00e7as e, dentro das respostas, n\u00e3o h\u00e1 limites, de [\u2026]","og_url":"https:\/\/mobilevet.com.br\/site\/e-muita-paixao-e-vocacao-reunidas-em-nossa-historia\/","og_site_name":"Mobile Vet","article_published_time":"2019-02-06T16:28:08+00:00","article_modified_time":"2019-02-06T16:33:37+00:00","og_image":[{"width":702,"height":300,"url":"https:\/\/mobilevet.com.br\/site\/wp-content\/uploads\/2019\/02\/MBV_paixao-vocacao-blog.png","type":"image\/png"}],"twitter_card":"summary_large_image","twitter_misc":{"Escrito por":"","Est. tempo de leitura":"3 minutos"},"schema":{"@context":"https:\/\/schema.org","@graph":[{"@type":"WebSite","@id":"https:\/\/mobilevet.com.br\/site\/#website","url":"https:\/\/mobilevet.com.br\/site\/","name":"Mobile Vet","description":"Exames de diagn\u00f3sticos veterin\u00e1rios e consultoria cardiol\u00f3gica","potentialAction":[{"@type":"SearchAction","target":{"@type":"EntryPoint","urlTemplate":"https:\/\/mobilevet.com.br\/site\/?s={search_term_string}"},"query-input":"required name=search_term_string"}],"inLanguage":"pt-BR"},{"@type":"ImageObject","inLanguage":"pt-BR","@id":"https:\/\/mobilevet.com.br\/site\/e-muita-paixao-e-vocacao-reunidas-em-nossa-historia\/#primaryimage","url":"https:\/\/mobilevet.com.br\/site\/wp-content\/uploads\/2019\/02\/MBV_paixao-vocacao-blog.png","contentUrl":"https:\/\/mobilevet.com.br\/site\/wp-content\/uploads\/2019\/02\/MBV_paixao-vocacao-blog.png","width":702,"height":300},{"@type":"WebPage","@id":"https:\/\/mobilevet.com.br\/site\/e-muita-paixao-e-vocacao-reunidas-em-nossa-historia\/#webpage","url":"https:\/\/mobilevet.com.br\/site\/e-muita-paixao-e-vocacao-reunidas-em-nossa-historia\/","name":"- Mobile Vet","isPartOf":{"@id":"https:\/\/mobilevet.com.br\/site\/#website"},"primaryImageOfPage":{"@id":"https:\/\/mobilevet.com.br\/site\/e-muita-paixao-e-vocacao-reunidas-em-nossa-historia\/#primaryimage"},"datePublished":"2019-02-06T16:28:08+00:00","dateModified":"2019-02-06T16:33:37+00:00","author":{"@id":""},"breadcrumb":{"@id":"https:\/\/mobilevet.com.br\/site\/e-muita-paixao-e-vocacao-reunidas-em-nossa-historia\/#breadcrumb"},"inLanguage":"pt-BR","potentialAction":[{"@type":"ReadAction","target":["https:\/\/mobilevet.com.br\/site\/e-muita-paixao-e-vocacao-reunidas-em-nossa-historia\/"]}]},{"@type":"BreadcrumbList","@id":"https:\/\/mobilevet.com.br\/site\/e-muita-paixao-e-vocacao-reunidas-em-nossa-historia\/#breadcrumb","itemListElement":[{"@type":"ListItem","position":1,"name":"In\u00edcio","item":"https:\/\/mobilevet.com.br\/site\/"},{"@type":"ListItem","position":2,"name":"\u00c9 muita PAIX\u00c3O e VOCA\u00c7\u00c3O reunidas em nossa hist\u00f3ria!"}]},{"@type":"Person","@id":"","url":"https:\/\/mobilevet.com.br\/site\/author\/"}]}},"_links":{"self":[{"href":"https:\/\/mobilevet.com.br\/site\/wp-json\/wp\/v2\/posts\/756"}],"collection":[{"href":"https:\/\/mobilevet.com.br\/site\/wp-json\/wp\/v2\/posts"}],"about":[{"href":"https:\/\/mobilevet.com.br\/site\/wp-json\/wp\/v2\/types\/post"}],"author":[{"embeddable":true,"href":"https:\/\/mobilevet.com.br\/site\/wp-json\/wp\/v2\/users\/4"}],"replies":[{"embeddable":true,"href":"https:\/\/mobilevet.com.br\/site\/wp-json\/wp\/v2\/comments?post=756"}],"version-history":[{"count":3,"href":"https:\/\/mobilevet.com.br\/site\/wp-json\/wp\/v2\/posts\/756\/revisions"}],"predecessor-version":[{"id":760,"href":"https:\/\/mobilevet.com.br\/site\/wp-json\/wp\/v2\/posts\/756\/revisions\/760"}],"wp:featuredmedia":[{"embeddable":true,"href":"https:\/\/mobilevet.com.br\/site\/wp-json\/wp\/v2\/media\/757"}],"wp:attachment":[{"href":"https:\/\/mobilevet.com.br\/site\/wp-json\/wp\/v2\/media?parent=756"}],"wp:term":[{"taxonomy":"category","embeddable":true,"href":"https:\/\/mobilevet.com.br\/site\/wp-json\/wp\/v2\/categories?post=756"},{"taxonomy":"post_tag","embeddable":true,"href":"https:\/\/mobilevet.com.br\/site\/wp-json\/wp\/v2\/tags?post=756"}],"curies":[{"name":"wp","href":"https:\/\/api.w.org\/{rel}","templated":true}]}}